
{"id":653,"date":"2025-11-13T09:47:12","date_gmt":"2025-11-13T09:47:12","guid":{"rendered":"https:\/\/effiraenergy.com\/se\/?p=653"},"modified":"2025-11-25T12:41:16","modified_gmt":"2025-11-25T11:41:16","slug":"artikel-8-till-vem-betalar-du-for-elen","status":"publish","type":"post","link":"https:\/\/effiraenergy.com\/se\/artikel-8-till-vem-betalar-du-for-elen\/","title":{"rendered":"Artikel #8: Till vem betalar du f\u00f6r elen?"},"content":{"rendered":"<div data-block=\"frontpage-hero\"\n        class=\"relative w-screen h-[600px] lg:h-[760px] text-left text-white flex items-center justify-start  px-4 lg:px-0 pt-4 lg:pt-0 overflow-visible mb-12\">\n            <div class=\"absolute inset-0\">\n            <picture class=\"w-full h-full block\">\n                                    <source media=\"(max-width: 767px)\" srcset=\"https:\/\/images.ohmyhosting.se\/FQpnf96Nz5F4tn_xC2np_4qt0PU=\/1440x658\/smart\/filters:format(webp):quality(85):sharpen(0.25,0.5,true)\/https%3A%2F%2Feffiraenergy.com%2Fwp-content%2Fuploads%2Fsites%2F3%2F2025%2F11%2Fhttps___effiraenergy.com_wp-content_uploads_2025_10_Elrakningar.webp\">\n                                <img decoding=\"async\" src=\"https:\/\/images.ohmyhosting.se\/FQpnf96Nz5F4tn_xC2np_4qt0PU=\/1440x658\/smart\/filters:format(webp):quality(85):sharpen(0.25,0.5,true)\/https%3A%2F%2Feffiraenergy.com%2Fwp-content%2Fuploads%2Fsites%2F3%2F2025%2F11%2Fhttps___effiraenergy.com_wp-content_uploads_2025_10_Elrakningar.webp\" alt=\"\"\n                    class=\"w-full h-full object-cover object-center\" fetchpriority=\"high\" \/>\n            <\/picture>\n        <\/div>\n        <!-- Mild overlay for all screens -->\n    <div class=\"absolute inset-0 bg-black\/20 z-10\"><\/div>\n    <!-- Mobile: Full image overlay -->\n    <div class=\"absolute inset-0 bg-black\/30 xl:hidden\"><\/div>\n\n    <div class=\"container relative z-10 mx-auto flex flex-col items-start justify-start h-full\">\n                    <div>\n                    <div\n                class=\"relative z-10 max-w-[687px] max-h-fit lg:rounded-3xl lg:py-[20px] lg:px-[56px] mt-2 lg:mt-8 top-12 lg:top-20\">\n                <!-- Desktop: Shadowed text box overlay -->\n                <div class=\"absolute inset-0 bg-black lg:rounded-3xl shadow-2xl hidden xl:block\"\n                    style=\"opacity: 0.6\"><\/div>\n                <div class=\"relative z-20 py-8 md:p-0 md:pb-8 flex flex-col justify-start \">\n                                            <h1 class=\"heading-xxl text-lightGreen\">Till vem betalar du f\u00f6r elen?<\/h1>\n                                                                                    <div class=\"wysiwyg body-lg mb-6 max-w-[575px]\"><p>Som elkund betalar du till tv\u00e5 f\u00f6retag \u2013 ett som s\u00e4ljer elen du anv\u00e4nder, och ett som transporterar den hem till dig.<br \/>\nTillsammans ser de till att elen b\u00e5de finns och kommer fram till ditt hus, varje dag.<\/p>\n<\/div>\n                                        <div class=\"relative flex flex-col items-start\">\n                                                                    <\/div>\n                <\/div>\n            <\/div>\n                    <\/div>\n                    <\/div>\n<\/div>\n\n\n<div data-block=\"wysiwyg-text\"  class=\"container mx-auto px-4 mb-12\">\n    <div class=\"wysiwyg max-w-[760px] mx-auto\">\n        <h3>D\u00e4rf\u00f6r f\u00e5r du tv\u00e5 fakturor f\u00f6r elen<\/h3>\n<p class=\"p3\">Elmarknaden best\u00e5r av tv\u00e5 delar \u2013 <span class=\"s2\">eln\u00e4t<\/span> och <span class=\"s2\">elhandel<\/span>.<\/p>\n<p class=\"p3\">Det betyder att du i praktiken betalar till tv\u00e5 olika f\u00f6retag f\u00f6r olika tj\u00e4nster som tillsammans g\u00f6r det m\u00f6jligt att f\u00e5 el till ditt hem.<\/p>\n<h3>Eln\u00e4tbolaget \u2013 transporten av elen<\/h3>\n<p class=\"p3\">Eln\u00e4tbolaget \u00e4ger och driver det lokala n\u00e4tet som leder elen fr\u00e5n stamn\u00e4tet hem till din bostad.<\/p>\n<p class=\"p3\">Du kan inte v\u00e4lja ditt eln\u00e4tbolag \u2013 varje omr\u00e5de har ett eget.<\/p>\n<p class=\"p3\">Din <span class=\"s2\">n\u00e4tfaktura<\/span> t\u00e4cker:<\/p>\n<ul>\n<li>\n<p class=\"p1\"><span class=\"s1\">Abonnemangsavgift<\/span> \u2013 en fast kostnad beroende p\u00e5 din huvuds\u00e4kring.<\/p>\n<\/li>\n<li>\n<p class=\"p1\"><span class=\"s1\">El\u00f6verf\u00f6ringsavgift<\/span> \u2013 en r\u00f6rlig avgift baserad p\u00e5 hur mycket el du anv\u00e4nder.<\/p>\n<\/li>\n<li>\n<p class=\"p1\"><span class=\"s1\">Skatter och myndighetsavgifter<\/span> \u2013 till exempel energiskatt och elcertifikat.<\/p>\n<\/li>\n<\/ul>\n<p class=\"p3\">Avgiften anv\u00e4nds f\u00f6r drift, underh\u00e5ll och investeringar i eln\u00e4tet.<\/p>\n<h3>Elhandelsbolaget \u2013 sj\u00e4lva elen du anv\u00e4nder<\/h3>\n<p class=\"p3\">Elhandelsbolaget \u00e4r det f\u00f6retag du <span class=\"s2\">v\u00e4ljer sj\u00e4lv<\/span> och som s\u00e4ljer elen du anv\u00e4nder i hemmet.<\/p>\n<p class=\"p3\">H\u00e4r betalar du f\u00f6r <span class=\"s2\">sj\u00e4lva elpriset (kWh)<\/span>, som kan vara:<\/p>\n<ul>\n<li>\n<p class=\"p1\"><span class=\"s1\">Fast pris<\/span> \u2013 samma pris under hela avtalsperioden.<\/p>\n<\/li>\n<li>\n<p class=\"p1\"><span class=\"s1\">R\u00f6rligt pris<\/span> \u2013 f\u00f6ljer elb\u00f6rsen (Nord Pool) och varierar \u00f6ver tid.<\/p>\n<\/li>\n<\/ul>\n<p class=\"p3\">Fakturan inneh\u00e5ller ofta:<\/p>\n<ul>\n<li>\n<p class=\"p1\"><span class=\"s1\">Elhandelskostnad<\/span> \u2013 antal kWh \u00d7 elpris.<\/p>\n<\/li>\n<li>\n<p class=\"p1\"><span class=\"s1\">Eventuella till\u00e4gg<\/span> \u2013 exempelvis f\u00f6r ursprungsgarantier eller milj\u00f6val.<\/p>\n<\/li>\n<li>\n<p class=\"p1\"><span class=\"s1\">Moms (25 %)<\/span> \u2013 l\u00e4ggs p\u00e5 totalen.<\/p>\n<\/li>\n<\/ul>\n<h3>Varf\u00f6r tv\u00e5 fakturor?<\/h3>\n<p class=\"p3\">Det \u00e4r helt enkelt tv\u00e5 olika akt\u00f6rer som ansvarar f\u00f6r varsin del av kedjan:<\/p>\n<ul>\n<li>\n<p class=\"p1\"><span class=\"s1\">Eln\u00e4tbolaget:<\/span> f\u00f6r transport och underh\u00e5ll.<\/p>\n<\/li>\n<li>\n<p class=\"p1\"><span class=\"s1\">Elhandelsbolaget:<\/span> f\u00f6r sj\u00e4lva elf\u00f6rs\u00e4ljningen.<\/p>\n<\/li>\n<\/ul>\n<p class=\"p3\">I vissa fall f\u00e5r du <span class=\"s2\">en samfaktura<\/span> (d\u00e4r elhandelsbolaget samlar b\u00e5da delarna), men ofta kommer de separat \u2013 en fr\u00e5n n\u00e4tbolaget och en fr\u00e5n elhandlaren.<\/p>\n\n    <\/div>\n<\/div>\n\n\n<div data-block=\"cta-text\"  class=\"container mx-auto  px-4 xl:px-0 mb-12\">\n    <div class=\"w-full bg-lightGreen rounded-3xl\">\n        <div class=\"max-w-xl mx-auto flex flex-col gap-6 rounded-3xl p-8 lg:p-16 \">\n                            <h3 class=\"heading-lg text-center px-4 lg:px-0\">Vill du l\u00e4sa mera om energi- och elmarknaden?<\/h3>\n                                        <div class=\"wysiwyg body-md text-center mx-auto px-4 lg:px-0\"><p>Gillar du artikeln? Vi har flera intressanta artiklar om energi- och elmarknaden. Klicka p\u00e5 l\u00e4nken nedan s\u00e5 hittar du v\u00e5rt artikelarkiv.<\/p>\n<\/div>\n                                        <div class=\"flex justify-center\">\n                    <a href=\"https:\/\/effiraenergy.com\/se\/artiklar-for-dig-som-vill-bli-en-energihjalte\/\" class=\"secondary-button flex items-center gap-3 justify-center\">\n                        L\u00e4s mer\n                    <\/a>\n                <\/div>\n                    <\/div>\n    <\/div>\n<\/div>\n","protected":false},"excerpt":{"rendered":"","protected":false},"author":1,"featured_media":0,"comment_status":"open","ping_status":"open","sticky":false,"template":"","format":"standard","meta":{"_acf_changed":false,"footnotes":""},"categories":[1],"tags":[],"class_list":["post-653","post","type-post","status-publish","format-standard","hentry","category-uncategorized"],"acf":[],"_links":{"self":[{"href":"https:\/\/effiraenergy.com\/se\/wp-json\/wp\/v2\/posts\/653","targetHints":{"allow":["GET"]}}],"collection":[{"href":"https:\/\/effiraenergy.com\/se\/wp-json\/wp\/v2\/posts"}],"about":[{"href":"https:\/\/effiraenergy.com\/se\/wp-json\/wp\/v2\/types\/post"}],"author":[{"embeddable":true,"href":"https:\/\/effiraenergy.com\/se\/wp-json\/wp\/v2\/users\/1"}],"replies":[{"embeddable":true,"href":"https:\/\/effiraenergy.com\/se\/wp-json\/wp\/v2\/comments?post=653"}],"version-history":[{"count":6,"href":"https:\/\/effiraenergy.com\/se\/wp-json\/wp\/v2\/posts\/653\/revisions"}],"predecessor-version":[{"id":2421,"href":"https:\/\/effiraenergy.com\/se\/wp-json\/wp\/v2\/posts\/653\/revisions\/2421"}],"wp:attachment":[{"href":"https:\/\/effiraenergy.com\/se\/wp-json\/wp\/v2\/media?parent=653"}],"wp:term":[{"taxonomy":"category","embeddable":true,"href":"https:\/\/effiraenergy.com\/se\/wp-json\/wp\/v2\/categories?post=653"},{"taxonomy":"post_tag","embeddable":true,"href":"https:\/\/effiraenergy.com\/se\/wp-json\/wp\/v2\/tags?post=653"}],"curies":[{"name":"wp","href":"https:\/\/api.w.org\/{rel}","templated":true}]}}