
{"id":622,"date":"2025-11-13T09:23:09","date_gmt":"2025-11-13T09:23:09","guid":{"rendered":"https:\/\/effiraenergy.com\/se\/?p=622"},"modified":"2025-11-25T12:41:58","modified_gmt":"2025-11-25T11:41:58","slug":"artikel-2-elprisernas-volatilitet","status":"publish","type":"post","link":"https:\/\/effiraenergy.com\/se\/artikel-2-elprisernas-volatilitet\/","title":{"rendered":"Artikel #2: Elprisernas volatilitet\u00a0"},"content":{"rendered":"<div data-block=\"page-hero\"\n        class=\"relative w-screen h-[482px] xl:h-[600px] text-left text-white overflow-hidden flex items-center justify-start mb-12 md:mb-16 px-4 lg:px-0 pt-12 lg:pt-0\">\n            <div class=\"absolute inset-0\">\n            <picture class=\"w-full h-full block\">\n                                    <source media=\"(max-width: 767px)\" srcset=\"https:\/\/images.ohmyhosting.se\/LBtxK6_whVunOHPorKmzaBAe6lA=\/1440x658\/smart\/filters:format(webp):quality(85):sharpen(0.25,0.5,true)\/https%3A%2F%2Feffiraenergy.com%2Fwp-content%2Fuploads%2Fsites%2F3%2F2025%2F11%2FArtikel-2-bild-e1761135913851.png\">\n                                <img decoding=\"async\" src=\"https:\/\/images.ohmyhosting.se\/LBtxK6_whVunOHPorKmzaBAe6lA=\/1440x658\/smart\/filters:format(webp):quality(85):sharpen(0.25,0.5,true)\/https%3A%2F%2Feffiraenergy.com%2Fwp-content%2Fuploads%2Fsites%2F3%2F2025%2F11%2FArtikel-2-bild-e1761135913851.png\" alt=\"\"\n                    class=\"w-full h-full object-cover object-center\" loading=\"lazy\" \/>\n            <\/picture>\n        <\/div>\n        <!-- Mobile: Full image overlay -->\n    <div class=\"absolute inset-0 bg-black xl:hidden\" style=\"opacity: 0.7\"><\/div>\n\n    <div class=\"container relative z-10 mx-auto\">\n        <div class=\"relative z-10 max-w-fit max-h-fit lg:rounded-3xl lg:py-[44px] lg:px-[56px]\">\n            <!-- Desktop: Shadowed text box overlay -->\n            <div class=\"absolute inset-0 bg-black lg:rounded-3xl shadow-2xl hidden xl:block\"\n                style=\"opacity: 0.7\"><\/div>\n            <div class=\"relative z-20 flex flex-col justify-start \">\n                                    <h1 class=\"heading-xxl mb-6 text-lightGreen\">Elpriserna g\u00e5r upp och ner<\/h1>\n                \n                                    <div class=\"wysiwyg max-w-[575px] hero-wysiwyg\"><p>Sedan 2020 har den nordiska elmarknaden g\u00e5tt in i en ny fas d\u00e4r priset f\u00f6r\u00e4ndras snabbare och mer dramatiskt \u00e4n tidigare. Timvisa sv\u00e4ngningar fr\u00e5n n\u00e4ra noll till mycket h\u00f6ga niv\u00e5er \u00e4r inte l\u00e4ngre undantag, utan en del av vardagen. Bakom detta ligger en kombination av strukturella f\u00f6r\u00e4ndringar i produktion och konsumtion, samt ett eln\u00e4t som beh\u00f6ver v\u00e4xa ikapp elektrifieringen<\/p>\n<\/div>\n                            <\/div>\n        <\/div>\n    <\/div>\n<\/div>\n\n\n<div data-block=\"wysiwyg-text\"  class=\"container mx-auto px-4 mb-12\">\n    <div class=\"wysiwyg max-w-[760px] mx-auto\">\n        <h3>Varf\u00f6r sv\u00e4nger priserna mer<\/h3>\n<p>Den fr\u00e4msta f\u00f6rklaringen \u00e4r v\u00e4derberoendet. Vindkraften har byggts ut snabbt och \u00e4r i m\u00e5nga timmar den marginalpriss\u00e4ttande produktionen. N\u00e4r det bl\u00e5ser mycket pressas priserna ned, ibland under noll. N\u00e4r vinden mojnar \u2013 s\u00e4rskilt kalla, stilla vinterkv\u00e4llar \u2013 stiger priset snabbt. Vattenkraften fungerar som nordisk reglerresurs, men hydrologi och magasinniv\u00e5er s\u00e4tter ramarna: torra \u00e5r och l\u00e5g v\u00e5rflod minskar d\u00e4mpningen.<\/p>\n<p>K\u00e4rnkraftens tillg\u00e4nglighet\u00a0spelar roll: planerade revisioner eller oplanerade stopp kan skapa kortvariga prisspikar. I Finland har OL3 visserligen s\u00e4nkt prisniv\u00e5n i genomsnitt, men volatiliteten best\u00e5r n\u00e4r efterfr\u00e5gan toppar. D\u00e4rtill kommer\u00a0flaskhalsar i eln\u00e4tet. Skillnaderna mellan budomr\u00e5den (SE1\u2013SE4 och FI) blir tydliga n\u00e4r \u00f6verf\u00f6ringskapacitet inte r\u00e4cker; s\u00f6dra Sverige och s\u00f6dra Finland ser oftare h\u00f6ga topptimmar. Slutligen p\u00e5verkar\u00a0kontinentala br\u00e4nsle- och elpriser\u00a0Norden n\u00e4r import\/exportfl\u00f6den \u00e4ndras, vilket m\u00e4rktes tydligt under gasprischocken 2021\u20132022.<\/p>\n<h3>Vad betyder det f\u00f6r villa\u00e4garen?<\/h3>\n<p>F\u00f6r hush\u00e5ll med\u00a0timpris\u00a0blir vardagen mer taktisk. N\u00e5gra f\u00e5 dyra timmar kan driva upp hela m\u00e5nadskostnaden, och v\u00e4rmebehovet sammanfaller ofta med dygnets dyraste timmar. M\u00e5nga har d\u00e4rf\u00f6r b\u00f6rjat\u00a0planera last: tv\u00e4tt, disk och elbilsladdning flyttas till sena kv\u00e4llar eller n\u00e4tter. Samtidigt kr\u00e4ver prisstyrd uppv\u00e4rmning balans \u2013 f\u00f6r aggressiv styrning kan ge komfortsv\u00e4ngningar och h\u00f6g retur till efterf\u00f6ljande dyra timmar. I vissa n\u00e4t inf\u00f6rs \u00e4ven\u00a0effekt- eller kapacitetstariffer, vilket g\u00f6r samtidiga stora laster kostsammare.<\/p>\n<h3>Hur kan man skydda sig \u2013 \u00e4ven med timpris?<\/h3>\n<p>Nyckeln \u00e4r\u00a0flexibilitet. En modern v\u00e4rmepump med extern prisstyrning kan f\u00f6rv\u00e4rma huset n\u00e4r priset \u00e4r l\u00e5gt och vila under topptimmar.\u00a0Termisk lagring\u00a0\u2013 st\u00f6rre varmvattenberedare eller golvv\u00e4rme\/betongplatta \u2013 fungerar som ett \u201cbatteri\u201d som j\u00e4mnar ut kostnaden. Hemma-batterier\u00a0kan kapa spikar och \u00e4r s\u00e4rskilt effektiva i kombination med solceller, \u00e4ven om l\u00f6nsamheten beror p\u00e5 prisprofilen.<\/p>\n<p>M\u00e5nga elleverant\u00f6rer erbjuder numera\u00a0prisskydd ovanp\u00e5 timpris: ett pristak f\u00f6r ett begr\u00e4nsat antal timmar, eller ett hybridavtal d\u00e4r en del av f\u00f6rbrukningen \u00e4r s\u00e4krad till fast pris. Tillsammans med\u00a0automatiserad styrning\u00a0\u2013 exempelvis att elbilsladdning bara startar under en viss prisniv\u00e5 \u2013 g\u00e5r det att beh\u00e5lla f\u00f6rdelarna med timpris utan att exponeras fullt ut f\u00f6r extrema timmar. P\u00e5 sikt minskar volatiliteten n\u00e4r\u00a0eln\u00e4ten byggs ut,\u00a0lagring\u00a0skalar upp och\u00a0efterfr\u00e5geflex\u00a0blir en regulj\u00e4r marknadsresurs, men redan idag kan villa\u00e4gare med r\u00e4tt verktyg g\u00f6ra elr\u00e4kningen betydligt mer f\u00f6ruts\u00e4gbar.<\/p>\n\n    <\/div>\n<\/div>\n\n\n<div data-block=\"cta-text\"  class=\"container mx-auto  px-4 xl:px-0 mb-12\">\n    <div class=\"w-full bg-lightGreen rounded-3xl\">\n        <div class=\"max-w-xl mx-auto flex flex-col gap-6 rounded-3xl p-8 lg:p-16 \">\n                            <h3 class=\"heading-lg text-center px-4 lg:px-0\">Vill du l\u00e4sa mera om energi- och elmarknaden?<\/h3>\n                                        <div class=\"wysiwyg body-md text-center mx-auto px-4 lg:px-0\"><p>Gillar du artikeln? Vi har flera intressanta artiklar om energi- och elmarknaden. Klicka p\u00e5 l\u00e4nken nedan s\u00e5 hittar du v\u00e5rt artikelarkiv.<\/p>\n<\/div>\n                                        <div class=\"flex justify-center\">\n                    <a href=\"https:\/\/effiraenergy.com\/se\/artiklar-for-dig-som-vill-bli-en-energihjalte\/\" class=\"secondary-button flex items-center gap-3 justify-center\">\n                        L\u00e4s mer\n                    <\/a>\n                <\/div>\n                    <\/div>\n    <\/div>\n<\/div>\n","protected":false},"excerpt":{"rendered":"","protected":false},"author":1,"featured_media":0,"comment_status":"open","ping_status":"open","sticky":false,"template":"","format":"standard","meta":{"_acf_changed":false,"footnotes":""},"categories":[1],"tags":[],"class_list":["post-622","post","type-post","status-publish","format-standard","hentry","category-uncategorized"],"acf":[],"_links":{"self":[{"href":"https:\/\/effiraenergy.com\/se\/wp-json\/wp\/v2\/posts\/622","targetHints":{"allow":["GET"]}}],"collection":[{"href":"https:\/\/effiraenergy.com\/se\/wp-json\/wp\/v2\/posts"}],"about":[{"href":"https:\/\/effiraenergy.com\/se\/wp-json\/wp\/v2\/types\/post"}],"author":[{"embeddable":true,"href":"https:\/\/effiraenergy.com\/se\/wp-json\/wp\/v2\/users\/1"}],"replies":[{"embeddable":true,"href":"https:\/\/effiraenergy.com\/se\/wp-json\/wp\/v2\/comments?post=622"}],"version-history":[{"count":4,"href":"https:\/\/effiraenergy.com\/se\/wp-json\/wp\/v2\/posts\/622\/revisions"}],"predecessor-version":[{"id":1214,"href":"https:\/\/effiraenergy.com\/se\/wp-json\/wp\/v2\/posts\/622\/revisions\/1214"}],"wp:attachment":[{"href":"https:\/\/effiraenergy.com\/se\/wp-json\/wp\/v2\/media?parent=622"}],"wp:term":[{"taxonomy":"category","embeddable":true,"href":"https:\/\/effiraenergy.com\/se\/wp-json\/wp\/v2\/categories?post=622"},{"taxonomy":"post_tag","embeddable":true,"href":"https:\/\/effiraenergy.com\/se\/wp-json\/wp\/v2\/tags?post=622"}],"curies":[{"name":"wp","href":"https:\/\/api.w.org\/{rel}","templated":true}]}}