
{"id":3802,"date":"2026-03-12T13:46:42","date_gmt":"2026-03-12T12:46:42","guid":{"rendered":"https:\/\/effiraenergy.com\/se\/?p=3802"},"modified":"2026-03-13T10:41:31","modified_gmt":"2026-03-13T09:41:31","slug":"opti-med-solceller-och-batterier","status":"publish","type":"post","link":"https:\/\/effiraenergy.com\/se\/opti-med-solceller-och-batterier\/","title":{"rendered":"OPTi med solceller och batterier"},"content":{"rendered":"<div data-block=\"frontpage-hero\"\n        class=\"relative w-screen h-[600px] lg:h-[760px] text-left text-white flex items-center justify-start  px-4 lg:px-0 pt-4 lg:pt-0 overflow-visible mb-0\">\n            <div class=\"absolute inset-0\">\n            <picture class=\"w-full h-full block\">\n                                    <source media=\"(max-width: 767px)\" srcset=\"https:\/\/images.ohmyhosting.se\/9R0yGx4svULpqNIs3cvKCWB5Hmw=\/1440x658\/smart\/filters:format(webp):quality(85):sharpen(0.25,0.5,true)\/https%3A%2F%2Feffiraenergy.com%2Fwp-content%2Fuploads%2Fsites%2F3%2F2026%2F03%2FFirefly_Decrease-battery-size-significantly-975710-scaled.png\">\n                                <img decoding=\"async\" src=\"https:\/\/images.ohmyhosting.se\/9R0yGx4svULpqNIs3cvKCWB5Hmw=\/1440x658\/smart\/filters:format(webp):quality(85):sharpen(0.25,0.5,true)\/https%3A%2F%2Feffiraenergy.com%2Fwp-content%2Fuploads%2Fsites%2F3%2F2026%2F03%2FFirefly_Decrease-battery-size-significantly-975710-scaled.png\" alt=\"\"\n                    class=\"w-full h-full object-cover object-center\" fetchpriority=\"high\" \/>\n            <\/picture>\n        <\/div>\n        <!-- Mild overlay for all screens -->\n    <div class=\"absolute inset-0 bg-black\/20 z-10\"><\/div>\n    <!-- Mobile: Full image overlay -->\n    <div class=\"absolute inset-0 bg-black\/30 xl:hidden\"><\/div>\n\n    <div class=\"container relative z-10 mx-auto flex flex-col items-start justify-start h-full\">\n                    <div>\n                    <div\n                class=\"relative z-10 max-w-[687px] max-h-fit lg:rounded-3xl lg:py-[20px] lg:px-[56px] mt-2 lg:mt-8 top-12 lg:top-20\">\n                <!-- Desktop: Shadowed text box overlay -->\n                <div class=\"absolute inset-0 bg-black lg:rounded-3xl shadow-2xl hidden xl:block\"\n                    style=\"opacity: 0.6\"><\/div>\n                <div class=\"relative z-20 py-8 md:p-0 md:pb-8 flex flex-col justify-start \">\n                                            <h1 class=\"heading-xxl text-lightGreen\">Solceller, batterier och OPTi <\/h1>\n                                                                <div class=\"relative mb-6\">\n                            <p class=\"heading-xxl text-lightGreen break-words hyphens-none\">\n                                                                <span class=\"relative inline-block whitespace-nowrap\">\n                                                                        <span class=\"relative z-10\">\u2013<\/span>\n                                <\/span>\n                                                                    <span class=\"whitespace-normal\"> s\u00e5 arbetar systemen tillsammans<\/span>\n                                                            <\/p>\n                        <\/div>\n                                                                <div class=\"wysiwyg body-lg mb-6 max-w-[575px]\"><p>Med Effira OPTi anv\u00e4nder du mer av din egen solel \u2013 samtidigt som uppv\u00e4rmningskostnader och effekttoppar minskar.<\/p>\n<\/div>\n                                        <div class=\"relative flex flex-col items-start\">\n                                                                    <\/div>\n                <\/div>\n            <\/div>\n                    <\/div>\n                    <\/div>\n<\/div>\n\n\n<div data-block=\"wysiwyg-text\"  class=\"container mx-auto px-4 mb-12\">\n    <div class=\"wysiwyg max-w-[760px] mx-auto\">\n        <h3><\/h3>\n<h2>95 % av l\u00f6sningen finns redan i ditt hus<\/h2>\n<p class=\"p1\">M\u00e5nga villa\u00e4gare funderar idag p\u00e5 hur de kan minska sina elkostnader. Men f\u00e5 k\u00e4nner till att <span class=\"s1\">v\u00e4rmen redan kan lagras i huset<\/span>.<\/p>\n<p class=\"p1\">Golvet, v\u00e4ggarna, taket och husets konstruktion fungerar som ett stort v\u00e4rmebatteri. Med <span class=\"s1\">smart styrning av v\u00e4rmepumpen<\/span> kan v\u00e4rmen produceras n\u00e4r elen \u00e4r billig \u2013 och anv\u00e4ndas senare n\u00e4r elen \u00e4r dyrare.<\/p>\n<p class=\"p1\">Det betyder att huset kan lagra v\u00e4rme i flera timmar och anv\u00e4nda energin n\u00e4r den beh\u00f6vs.<\/p>\n<p class=\"p1\">Det \u00e4r exakt den princip som <span class=\"s1\">Effira OPTi<\/span> bygger p\u00e5.<\/p>\n<p class=\"p3\">F\u00f6r m\u00e5nga villa\u00e4gare \u00e4r detta b\u00e5de ett smart alternativ och ett effektivt komplement till solceller och batterier.<b><\/b><\/p>\n<p class=\"p1\">Med OPTi producerar du uppv\u00e4rmning och varmvatten p\u00e5 ett smartare, billigare och mer milj\u00f6riktigt s\u00e4tt.<\/p>\n<p><img decoding=\"async\" class=\"wp-image-3902 aligncenter\" src=\"https:\/\/cdn.ohmyhosting.se\/src\/https:\/\/effiraenergy.com\/wp-content\/uploads\/sites\/3\/2026\/03\/OPTI-och-solceller-och-batteri-1-300x200.jpg\" alt=\"\" width=\"638\" height=\"425\" loading=\"lazy\" srcset=\"https:\/\/cdn.ohmyhosting.se\/src\/https:\/\/effiraenergy.com\/wp-content\/uploads\/sites\/3\/2026\/03\/OPTI-och-solceller-och-batteri-1-300x200.jpg 300w, https:\/\/cdn.ohmyhosting.se\/src\/https:\/\/effiraenergy.com\/wp-content\/uploads\/sites\/3\/2026\/03\/OPTI-och-solceller-och-batteri-1-1024x683.jpg 1024w, https:\/\/cdn.ohmyhosting.se\/src\/https:\/\/effiraenergy.com\/wp-content\/uploads\/sites\/3\/2026\/03\/OPTI-och-solceller-och-batteri-1-768x512.jpg 768w, https:\/\/cdn.ohmyhosting.se\/src\/https:\/\/effiraenergy.com\/wp-content\/uploads\/sites\/3\/2026\/03\/OPTI-och-solceller-och-batteri-1-18x12.jpg 18w, https:\/\/cdn.ohmyhosting.se\/src\/https:\/\/effiraenergy.com\/wp-content\/uploads\/sites\/3\/2026\/03\/OPTI-och-solceller-och-batteri-1-600x400.jpg 600w, https:\/\/cdn.ohmyhosting.se\/src\/https:\/\/effiraenergy.com\/wp-content\/uploads\/sites\/3\/2026\/03\/OPTI-och-solceller-och-batteri-1.jpg 1536w\" sizes=\"(max-width: 638px) 100vw, 638px\" \/><\/p>\n<h3>Problemet f\u00f6r m\u00e5nga solcells\u00e4gare<\/h3>\n<p>En villa med 10 kW solceller producerar ungef\u00e4r 10 000 kWh per \u00e5r, men utan smart styrning anv\u00e4nds ofta bara cirka 40-50 % av solelen i huset. Resten s\u00e4ljs ut p\u00e5 eln\u00e4tet. Du s\u00e4ljer allts\u00e5 el n\u00e4r priset \u00e4r l\u00e5gt och k\u00f6per el n\u00e4r priset \u00e4r h\u00f6gre.<\/p>\n<p>Det betyder att m\u00e5nga villa\u00e4gare i praktiken s\u00e4ljer el billigt mitt p\u00e5 dagen och k\u00f6per tillbaka den dyrt p\u00e5 kv\u00e4llen. Villa\u00e4garen beh\u00f6ver l\u00f6sningar att lagra solcellsenergin (batterier), eller anv\u00e4nda mer av i sitt eget hus, s k <strong>egenanv\u00e4ndning<\/strong>. F\u00f6r den mest v\u00e4rdefulla kilowattimmen \u00e4r den du inte beh\u00f6ver k\u00f6pa.<\/p>\n<h4>Genom att styra n\u00e4r uppv\u00e4rmningen och varmvattenproduktion sker kan du:<\/h4>\n<ul>\n<li>producera varmvatten n\u00e4r solen skiner<\/li>\n<li>v\u00e4rma huset n\u00e4r elen \u00e4r billig<\/li>\n<li>minska uppv\u00e4rmning n\u00e4r elen \u00e4r dyr<\/li>\n<\/ul>\n<p>Detta sker automatiskt med Effira OPTi, som kopplas till din befintliga v\u00e4rmepump. Systemet f\u00f6ljer elpriset 96 g\u00e5nger per dygn och optimerar uppv\u00e4rmningen d\u00e4refter.<\/p>\n<h3>OPTi och solceller \u2013 en mycket effektiv kombination<\/h3>\n<p>N\u00e4r OPTi anv\u00e4nds tillsammans med solceller kan egenanv\u00e4ndningen av solel \u00f6ka kraftigt. Erfarenheter visar att egenanv\u00e4ndningen kan \u00f6ka med 35\u201345 %. F\u00f6r en villa med 10 kW solceller inneb\u00e4r det ungef\u00e4r 1 600 kWh <strong>mer<\/strong> egenanv\u00e4ndning per \u00e5r<\/p>\n<p>Eftersom skillnaden mellan k\u00f6pt och s\u00e5ld el ofta \u00e4r omkring 1,41 kr per kWh, motsvarar detta cirka 2 500 kr extra v\u00e4rde per \u00e5r. Detta \u00e4r allts\u00e5 ut\u00f6ver den besparing OPTi redan ger genom smart v\u00e4rmestyrning.<\/p>\n<h3>Hur fungerar OPTi tillsammans med batterier?<\/h3>\n<p>Solceller, batterier och smart styrning konkurrerar inte med varandra \u2013 de <strong>kompletterar<\/strong> varandra.<\/p>\n<ul>\n<li>Solceller producerar el<\/li>\n<li>Batterier lagrar el<\/li>\n<li>OPTi v\u00e4rmer huset och varmvattnet med solcellernas \u00f6verskottsel<\/li>\n<\/ul>\n<p>N\u00e4r systemen kombineras kan de arbeta tillsammans:<\/p>\n<ul>\n<li>OPTi minskar dina uppv\u00e4rmningskostnader<\/li>\n<li>Dina effekttoppar minskar<\/li>\n<li>Du anv\u00e4nder mer solel till ditt hus<\/li>\n<\/ul>\n<p class=\"p1\">F\u00f6r m\u00e5nga villa\u00e4gare inneb\u00e4r det att smart styrning av den befintliga v\u00e4rmepumpen \u00e4r den mest l\u00f6nsamma <strong>f\u00f6rsta investeringen<\/strong>.<\/p>\n<p class=\"p1\">Ett normalstort villabatteri kostar vanligtvis omkring <span class=\"s1\"><b>60 000\u201380 000 kr efter subventioner och bidrag<\/b><\/span>. Den \u00e5rliga ekonomiska effekten fr\u00e5n ett normalstort villabatteri ligger ofta i storleksordningen <span class=\"s1\"><b>8 000\u201312 000 kr<\/b><\/span>, inklusive int\u00e4kter fr\u00e5n n\u00e4tst\u00f6dtj\u00e4nster.<\/p>\n<p class=\"p1\">Som j\u00e4mf\u00f6relse kostar <span class=\"s1\"><b>OPTi<\/b><\/span> cirka <span class=\"s1\"><b>7 000 kr i investering<\/b><\/span>, samtidigt som den \u00e5rliga minskningen av elkostnaden \u2013 tack vare OPTi och din befintliga v\u00e4rmepump \u2013 ligger p\u00e5 <span class=\"s1\"><b>mellan 6 000 och 14 000 kr<\/b><\/span>.<\/p>\n<p class=\"p3\"><span class=\"s2\">Det inneb\u00e4r att man f\u00f6r <\/span><b>ungef\u00e4r en tiondel av investeringen kan f\u00e5 upp till omkring 90 % av den \u00e5rliga ekonomiska effekten j\u00e4mf\u00f6rt med ett villabatteri<\/b><span class=\"s2\">. D\u00e4rf\u00f6r \u00e4r <\/span><b>OPTi i m\u00e5nga fall ett ekonomiskt starkare f\u00f6rsta steg att ta<\/b><span class=\"s2\">.<\/span><\/p>\n<h3>Slutsats<\/h3>\n<p class=\"p1\">Elmarknaden f\u00f6r\u00e4ndras och det blir allt viktigare att anv\u00e4nda energin i hemmet vid r\u00e4tt tidpunkt.<\/p>\n<p class=\"p1\">Solceller producerar el och batterier lagrar den \u2013 men <span class=\"s1\"><b>Effira OPTi ser till att energin anv\u00e4nds smart.<\/b><b><\/b><\/span><\/p>\n<p class=\"p1\">Det ger l\u00e4gre elkostnader, b\u00e4ttre nytta av solceller och mindre effekttoppar \u2013 utan att du beh\u00f6ver \u00e4ndra komforten i ditt hem.<\/p>\n<h6><img decoding=\"async\" class=\"wp-image-3934 aligncenter\" src=\"https:\/\/cdn.ohmyhosting.se\/src\/https:\/\/effiraenergy.com\/wp-content\/uploads\/sites\/3\/2026\/03\/Skarmavbild-2026-03-12-kl.-14.41.00-300x275.png\" alt=\"\" width=\"715\" height=\"655\" loading=\"lazy\" srcset=\"https:\/\/cdn.ohmyhosting.se\/src\/https:\/\/effiraenergy.com\/wp-content\/uploads\/sites\/3\/2026\/03\/Skarmavbild-2026-03-12-kl.-14.41.00-300x275.png 300w, https:\/\/cdn.ohmyhosting.se\/src\/https:\/\/effiraenergy.com\/wp-content\/uploads\/sites\/3\/2026\/03\/Skarmavbild-2026-03-12-kl.-14.41.00-1024x940.png 1024w, https:\/\/cdn.ohmyhosting.se\/src\/https:\/\/effiraenergy.com\/wp-content\/uploads\/sites\/3\/2026\/03\/Skarmavbild-2026-03-12-kl.-14.41.00-768x705.png 768w, https:\/\/cdn.ohmyhosting.se\/src\/https:\/\/effiraenergy.com\/wp-content\/uploads\/sites\/3\/2026\/03\/Skarmavbild-2026-03-12-kl.-14.41.00-1536x1410.png 1536w, https:\/\/cdn.ohmyhosting.se\/src\/https:\/\/effiraenergy.com\/wp-content\/uploads\/sites\/3\/2026\/03\/Skarmavbild-2026-03-12-kl.-14.41.00-13x12.png 13w, https:\/\/cdn.ohmyhosting.se\/src\/https:\/\/effiraenergy.com\/wp-content\/uploads\/sites\/3\/2026\/03\/Skarmavbild-2026-03-12-kl.-14.41.00-600x551.png 600w\" sizes=\"(max-width: 715px) 100vw, 715px\" \/>K\u00e4lla: Batterier 16,2 kWh, v\u00e4xelriktare 15 kW, anslutet till st\u00f6dtj\u00e4nster f\u00f6r eln\u00e4tet, SE 3.<\/h6>\n\n    <\/div>\n<\/div>\n\n\n<div data-block=\"cta-text\"  class=\"container mx-auto  px-4 xl:px-0 mb-12\">\n    <div class=\"w-full bg-lightGreen rounded-3xl\">\n        <div class=\"max-w-xl mx-auto flex flex-col gap-6 rounded-3xl p-8 lg:p-16 \">\n                            <h3 class=\"heading-lg text-center px-4 lg:px-0\">Hur mycket kan du spara?<\/h3>\n                                        <div class=\"wysiwyg body-md text-center mx-auto px-4 lg:px-0\"><p>Vill du veta hur mycket du kan spara med OPTi?<br \/>\nTesta v\u00e5r besparingskalkylator och boka upp en av v\u00e5ra<br \/>\nenergiexperter f\u00f6r ett telefonsamtal.<\/p>\n<\/div>\n                                        <div class=\"flex justify-center\">\n                    <a href=\"https:\/\/effiraenergy.com\/se\/rakna-ut-din-besparing\/\" class=\"secondary-button flex items-center gap-3 justify-center\">\n                        R\u00e4kna ut din besparing\n                    <\/a>\n                <\/div>\n                    <\/div>\n    <\/div>\n<\/div>\n\n\n<div data-block=\"cta-text\"  class=\"container mx-auto  px-4 xl:px-0 mb-12\">\n    <div class=\"w-full bg-lightGreen rounded-3xl\">\n        <div class=\"max-w-xl mx-auto flex flex-col gap-6 rounded-3xl p-8 lg:p-16 \">\n                            <h3 class=\"heading-lg text-center px-4 lg:px-0\">Vill du prata med en energisparexpert?<\/h3>\n                                        <div class=\"wysiwyg body-md text-center mx-auto px-4 lg:px-0\"><p>Har du fr\u00e5gor om ditt hus, dina f\u00f6ruts\u00e4ttningar och hur OPTi kan fungera f\u00f6r dig?<br \/>\nVi hj\u00e4lper dig!<br \/>\nH\u00f6r av dig h\u00e4r s\u00e5 ringer vi upp dig<\/p>\n<\/div>\n                                        <div class=\"flex justify-center\">\n                    <a href=\"https:\/\/effiraenergy.com\/se\/ring-upp-mig\/\" class=\"secondary-button flex items-center gap-3 justify-center\">\n                        Jag har fr\u00e5gor &#8211; ring mig!\n                    <\/a>\n                <\/div>\n                    <\/div>\n    <\/div>\n<\/div>\n","protected":false},"excerpt":{"rendered":"","protected":false},"author":2,"featured_media":0,"comment_status":"open","ping_status":"open","sticky":false,"template":"","format":"standard","meta":{"_acf_changed":false,"footnotes":""},"categories":[1],"tags":[],"class_list":["post-3802","post","type-post","status-publish","format-standard","hentry","category-uncategorized"],"acf":[],"_links":{"self":[{"href":"https:\/\/effiraenergy.com\/se\/wp-json\/wp\/v2\/posts\/3802","targetHints":{"allow":["GET"]}}],"collection":[{"href":"https:\/\/effiraenergy.com\/se\/wp-json\/wp\/v2\/posts"}],"about":[{"href":"https:\/\/effiraenergy.com\/se\/wp-json\/wp\/v2\/types\/post"}],"author":[{"embeddable":true,"href":"https:\/\/effiraenergy.com\/se\/wp-json\/wp\/v2\/users\/2"}],"replies":[{"embeddable":true,"href":"https:\/\/effiraenergy.com\/se\/wp-json\/wp\/v2\/comments?post=3802"}],"version-history":[{"count":69,"href":"https:\/\/effiraenergy.com\/se\/wp-json\/wp\/v2\/posts\/3802\/revisions"}],"predecessor-version":[{"id":4000,"href":"https:\/\/effiraenergy.com\/se\/wp-json\/wp\/v2\/posts\/3802\/revisions\/4000"}],"wp:attachment":[{"href":"https:\/\/effiraenergy.com\/se\/wp-json\/wp\/v2\/media?parent=3802"}],"wp:term":[{"taxonomy":"category","embeddable":true,"href":"https:\/\/effiraenergy.com\/se\/wp-json\/wp\/v2\/categories?post=3802"},{"taxonomy":"post_tag","embeddable":true,"href":"https:\/\/effiraenergy.com\/se\/wp-json\/wp\/v2\/tags?post=3802"}],"curies":[{"name":"wp","href":"https:\/\/api.w.org\/{rel}","templated":true}]}}